{"id":977,"date":"2024-07-05T12:07:58","date_gmt":"2024-07-05T12:07:58","guid":{"rendered":"https:\/\/projekti.imi.hr\/environpolluthealth\/?p=977"},"modified":"2024-07-08T12:38:24","modified_gmt":"2024-07-08T12:38:24","slug":"ljetna-skola-2nd-pfastwin-summer-school-for-using-of-gcxgc-ms-for-the-environmental-forensics-and-microoxymax-respirometer-for-remediation-monitoring","status":"publish","type":"post","link":"https:\/\/projekti.imi.hr\/environpolluthealth\/?p=977","title":{"rendered":"Ljetna \u0161kola \u201e2nd PFAStwin Summer School for using of GCxGC-MS for the environmental forensics and MicroOxymax respirometer for remediation monitoring\u201c\u00a0"},"content":{"rendered":"\n<p>U kontekstu druge ljetne \u0161kole, PFAStwin, za kori\u0161tenje GCxGC-MS za okoli\u0161nu forenziku i MicroOxymax respirometra za pra\u0107enje sanacije, odr\u017eane na UBFC-u (Beograd, Srbija) od 17. do 21. lipnja 2024., dr. sc. Dubravka Reli\u0107, izvanredna profesorica Fakulteta za kemiju Sveu\u010dili\u0161ta u Beogradu, odr\u017eala je predavanje naslova \u201eProcjena rizika i organska one\u010di\u0161\u0107ivala\u201c 18. lipnja 2024. Tijekom prezentacije, dr. Reli\u0107 je obradila osnove procjene zdravstvenog rizika i principe metode, s obzirom na to da regulative definiraju maksimalno dopu\u0161tene koli\u010dine. Nakon toga, raspravljala je o glavnim putovima i izvorima ljudske izlo\u017eenosti spojevima PFAS, kao i o razlikama u regulativama EU za procjenu rizika. Uz dominantni oralni put izlo\u017eenosti, postoje jo\u0161 dva puta koja moraju biti pa\u017eljivo razmotrena. U posljednjem dijelu predavanja, dr. Reli\u0107 ukratko je predstavila projekt EnvironPollutHealth i dosada\u0161nje publikacije koje su rezultat znanstvene suradnje sa dr.sc. Snje\u017eanom Herceg Romani\u0107.<\/p>\n","protected":false},"excerpt":{"rendered":"<p>U kontekstu druge ljetne \u0161kole, PFAStwin, za kori\u0161tenje GCxGC-MS za okoli\u0161nu forenziku i MicroOxymax respirometra za pra\u0107enje sanacije, odr\u017eane na UBFC-u (Beograd, Srbija) od 17. do 21. lipnja 2024., dr. sc. Dubravka Reli\u0107, izvanredna profesorica Fakulteta za kemiju Sveu\u010dili\u0161ta u Beogradu, odr\u017eala je predavanje naslova \u201eProcjena rizika i organska one\u010di\u0161\u0107ivala\u201c 18. lipnja 2024. Tijekom prezentacije, &hellip;<br \/><a href=\"https:\/\/projekti.imi.hr\/environpolluthealth\/?p=977\" class=\"more-link pen_button pen_element_default pen_icon_arrow_double\">Continue reading <span class=\"screen-reader-text\">Ljetna \u0161kola \u201e2nd PFAStwin Summer School for using of GCxGC-MS for the environmental forensics and MicroOxymax respirometer for remediation monitoring\u201c\u00a0<\/span><\/a><\/p>\n","protected":false},"author":9,"featured_media":980,"comment_status":"closed","ping_status":"open","sticky":false,"template":"","format":"standard","meta":{"footnotes":""},"categories":[70],"tags":[],"class_list":["post-977","post","type-post","status-publish","format-standard","has-post-thumbnail","hentry","category-predavanja-2"],"_links":{"self":[{"href":"https:\/\/projekti.imi.hr\/environpolluthealth\/index.php?rest_route=\/wp\/v2\/posts\/977","targetHints":{"allow":["GET"]}}],"collection":[{"href":"https:\/\/projekti.imi.hr\/environpolluthealth\/index.php?rest_route=\/wp\/v2\/posts"}],"about":[{"href":"https:\/\/projekti.imi.hr\/environpolluthealth\/index.php?rest_route=\/wp\/v2\/types\/post"}],"author":[{"embeddable":true,"href":"https:\/\/projekti.imi.hr\/environpolluthealth\/index.php?rest_route=\/wp\/v2\/users\/9"}],"replies":[{"embeddable":true,"href":"https:\/\/projekti.imi.hr\/environpolluthealth\/index.php?rest_route=%2Fwp%2Fv2%2Fcomments&post=977"}],"version-history":[{"count":2,"href":"https:\/\/projekti.imi.hr\/environpolluthealth\/index.php?rest_route=\/wp\/v2\/posts\/977\/revisions"}],"predecessor-version":[{"id":983,"href":"https:\/\/projekti.imi.hr\/environpolluthealth\/index.php?rest_route=\/wp\/v2\/posts\/977\/revisions\/983"}],"wp:featuredmedia":[{"embeddable":true,"href":"https:\/\/projekti.imi.hr\/environpolluthealth\/index.php?rest_route=\/wp\/v2\/media\/980"}],"wp:attachment":[{"href":"https:\/\/projekti.imi.hr\/environpolluthealth\/index.php?rest_route=%2Fwp%2Fv2%2Fmedia&parent=977"}],"wp:term":[{"taxonomy":"category","embeddable":true,"href":"https:\/\/projekti.imi.hr\/environpolluthealth\/index.php?rest_route=%2Fwp%2Fv2%2Fcategories&post=977"},{"taxonomy":"post_tag","embeddable":true,"href":"https:\/\/projekti.imi.hr\/environpolluthealth\/index.php?rest_route=%2Fwp%2Fv2%2Ftags&post=977"}],"curies":[{"name":"wp","href":"https:\/\/api.w.org\/{rel}","templated":true}]}}