{"id":712,"date":"2024-02-26T16:47:27","date_gmt":"2024-02-26T16:47:27","guid":{"rendered":"https:\/\/projekti.imi.hr\/environpolluthealth\/?p=712"},"modified":"2024-02-26T18:12:21","modified_gmt":"2024-02-26T18:12:21","slug":"kolokvij-imi-kvaliteta-zraka-u-hrvatskoj","status":"publish","type":"post","link":"https:\/\/projekti.imi.hr\/environpolluthealth\/?p=712","title":{"rendered":"Kolokvij IMI: Kvaliteta zraka u Hrvatskoj"},"content":{"rendered":"\n<p>U sklopu sekcije Kolokvij IMI, u utorak 20. velja\u010de 2024. u predavaonici IMI-ja nasl. izv. prof. dr. sc. Gordana Pehnec odr\u017eala je predavanje pod naslovom \u201cKvaliteta zraka u Hrvatskoj i izazovi postizanja nulte stope one\u010di\u0161\u0107enja zraka\u201d.<\/p>\n\n\n\n<p>Na predavanju su prikazani rezultati mjerenja koncentracija one\u010di\u0161\u0107uju\u0107ih tvari u zraku u razdoblju 2018. &#8211; 2022. s odabranih mjernih postaja Dr\u017eavne mre\u017ee i lokalne mjerne mre\u017ee Grada Zagreba na kojima mjerenja provodi IMI, s osvrtom na trendove, postoje\u0107e propise te prijedlog nove Direktive i smjernice Svjetske zdravstvene organizacije. Tom su prigodom ujedno predstavljeni ciljevi istra\u017eivanja projekta EnvironPollutHealth vezani uz kvalitetu zraka koji mogu doprinijeti budu\u0107im strategijama za pobolj\u0161anje kvalitete zraka.<\/p>\n","protected":false},"excerpt":{"rendered":"<p>U sklopu sekcije Kolokvij IMI, u utorak 20. velja\u010de 2024. u predavaonici IMI-ja nasl. izv. prof. dr. sc. Gordana Pehnec odr\u017eala je predavanje pod naslovom \u201cKvaliteta zraka u Hrvatskoj i izazovi postizanja nulte stope one\u010di\u0161\u0107enja zraka\u201d. Na predavanju su prikazani rezultati mjerenja koncentracija one\u010di\u0161\u0107uju\u0107ih tvari u zraku u razdoblju 2018. &#8211; 2022. s odabranih mjernih &hellip;<br \/><a href=\"https:\/\/projekti.imi.hr\/environpolluthealth\/?p=712\" class=\"more-link pen_button pen_element_default pen_icon_arrow_double\">Continue reading <span class=\"screen-reader-text\">Kolokvij IMI: Kvaliteta zraka u Hrvatskoj<\/span><\/a><\/p>\n","protected":false},"author":9,"featured_media":713,"comment_status":"closed","ping_status":"open","sticky":false,"template":"","format":"standard","meta":{"footnotes":""},"categories":[52],"tags":[],"class_list":["post-712","post","type-post","status-publish","format-standard","has-post-thumbnail","hentry","category-imi-kolokvij"],"_links":{"self":[{"href":"https:\/\/projekti.imi.hr\/environpolluthealth\/index.php?rest_route=\/wp\/v2\/posts\/712","targetHints":{"allow":["GET"]}}],"collection":[{"href":"https:\/\/projekti.imi.hr\/environpolluthealth\/index.php?rest_route=\/wp\/v2\/posts"}],"about":[{"href":"https:\/\/projekti.imi.hr\/environpolluthealth\/index.php?rest_route=\/wp\/v2\/types\/post"}],"author":[{"embeddable":true,"href":"https:\/\/projekti.imi.hr\/environpolluthealth\/index.php?rest_route=\/wp\/v2\/users\/9"}],"replies":[{"embeddable":true,"href":"https:\/\/projekti.imi.hr\/environpolluthealth\/index.php?rest_route=%2Fwp%2Fv2%2Fcomments&post=712"}],"version-history":[{"count":1,"href":"https:\/\/projekti.imi.hr\/environpolluthealth\/index.php?rest_route=\/wp\/v2\/posts\/712\/revisions"}],"predecessor-version":[{"id":716,"href":"https:\/\/projekti.imi.hr\/environpolluthealth\/index.php?rest_route=\/wp\/v2\/posts\/712\/revisions\/716"}],"wp:featuredmedia":[{"embeddable":true,"href":"https:\/\/projekti.imi.hr\/environpolluthealth\/index.php?rest_route=\/wp\/v2\/media\/713"}],"wp:attachment":[{"href":"https:\/\/projekti.imi.hr\/environpolluthealth\/index.php?rest_route=%2Fwp%2Fv2%2Fmedia&parent=712"}],"wp:term":[{"taxonomy":"category","embeddable":true,"href":"https:\/\/projekti.imi.hr\/environpolluthealth\/index.php?rest_route=%2Fwp%2Fv2%2Fcategories&post=712"},{"taxonomy":"post_tag","embeddable":true,"href":"https:\/\/projekti.imi.hr\/environpolluthealth\/index.php?rest_route=%2Fwp%2Fv2%2Ftags&post=712"}],"curies":[{"name":"wp","href":"https:\/\/api.w.org\/{rel}","templated":true}]}}