{"id":1350,"date":"2025-11-25T09:21:47","date_gmt":"2025-11-25T09:21:47","guid":{"rendered":"https:\/\/projekti.imi.hr\/environpolluthealth\/?p=1350"},"modified":"2025-11-25T09:30:23","modified_gmt":"2025-11-25T09:30:23","slug":"medunarodna-konferencija-i-14-hrvatski-znanstveno-strucni-skup-zastita-zraka-2025","status":"publish","type":"post","link":"https:\/\/projekti.imi.hr\/environpolluthealth\/?p=1350","title":{"rendered":"Me\u0111unarodna konferencija i 14. hrvatski znanstveno-stru\u010dni skup ZA\u0160TITA ZRAKA 2025"},"content":{"rendered":"\n<p>Od 21. do 25. listopada 2025. u Zadru je odr\u017eana me\u0111unarodna konferencija i \u010detrnaesti hrvatski znanstveno-stru\u010dni skup ZA\u0160TITA ZRAKA 2025, u organizaciji Hrvatskog udru\u017eenja za za\u0161titu zraka (HUZZ). Skup je odr\u017ean u suorganizatorstvu s Institutom za medicinska istra\u017eivanja i medicinu rada, Dr\u017eavnim hidrometeorolo\u0161kim zavodom, European Federation of Clean Air and Environmental Protection Associations (EFCA) te International Union of Air Pollution Prevention and Environmental Protection Associations (IUAPPA). Konferencija je obuhvatila \u0161irok raspon tema vezanih uz za\u0161titu zraka i okoli\u0161a, uklju\u010duju\u0107i upravljanje kvalitetom zraka, izvore one\u010di\u0161\u0107enja zraka i emisije, pra\u0107enje kvalitete vanjskog zraka, strojno u\u010denje i modeliranje kvalitete zraka, razvoj i provjeru mjernih metoda, kvalitetu zraka unutarnjih prostora te utjecaj one\u010di\u0161\u0107enja zraka na zdravlje, klimu i okoli\u0161. Tako\u0111er su odr\u017eane i dvije posebne sekcije \u2013 EFCA sekcija \u201eMethane time\u201c i IUAPPA sekcija kojom su obuhva\u0107eni globalni problemi za\u0161tite zraka.<\/p>\n\n\n\n<p><\/p>\n\n\n\n<p>Na konferenciji je sudjelovalo vi\u0161e od 120 sudionika, koji su predstavili 44 usmena izlaganja i 22 posterska priop\u0107enja. Sa\u017eetci izlaganja objavljeni su u knjizi sa\u017eetaka:<br><a href=\"https:\/\/zastitazraka.imi.hr\/wp-content\/uploads\/2025\/11\/Zbornik_sazetaka-2025_online.pdf\">https:\/\/zastitazraka.imi.hr\/wp-content\/uploads\/2025\/11\/Zbornik_sazetaka-2025_online.pdf<\/a><\/p>\n\n\n\n<p><\/p>\n\n\n\n<p>Suradnici projekta EnvironPollutHealth sa Zavoda za higijenu okoli\u0161a aktivno su sudjelovali na skupu sa sedam usmenih i \u0161est posterskih priop\u0107enja, doprinose\u0107i razmjeni znanja i iskustava u podru\u010dju za\u0161tite zraka i zdravlja ljudi i okoli\u0161a. Nikolina Ra\u010di\u0107 osvojila je prvu nagradu za najbolji poster na skupu <em>Za\u0161tita zraka<\/em> za rad proiza\u0161ao iz projekta <em>EnvironPollutHealth<\/em>: <em>\u201cUsing Explainable Machine Learning to Understand What Affects PAHs and Heavy Metals in PM10 Particles\u201d<\/em> (autori: Nikolina Ra\u010di\u0107, Mario Lovri\u0107, Gordana Pehnec, Ivana Jakovljevi\u0107, Zdravka Sever \u0160trukil, Silva \u017du\u017eul, Jasmina Rinkovec).<\/p>\n\n\n\n<p><\/p>\n\n\n\n<p><br>U okviru poster sekcije odr\u017eano je i posebno predstavljanje projekta EnvironPollutHealth koje je izazvalo zna\u010dajan interes znanstvene i stru\u010dne javnosti.<\/p>\n\n\n\n<div class=\"wp-block-group\"><div class=\"wp-block-group__inner-container is-layout-constrained wp-block-group-is-layout-constrained\">\n<div class=\"wp-block-group is-nowrap is-layout-flex wp-container-core-group-is-layout-ad2f72ca wp-block-group-is-layout-flex\">\n<figure class=\"wp-block-gallery has-nested-images columns-default is-cropped wp-block-gallery-1 is-layout-flex wp-block-gallery-is-layout-flex\">\n<figure class=\"wp-block-image size-large\"><img fetchpriority=\"high\" decoding=\"async\" width=\"768\" height=\"1024\" data-id=\"1365\" src=\"https:\/\/projekti.imi.hr\/environpolluthealth\/wp-content\/uploads\/sites\/3\/2025\/11\/Zastita-zraka2025-7-768x1024.jpg\" alt=\"\" class=\"wp-image-1365\" srcset=\"https:\/\/projekti.imi.hr\/environpolluthealth\/wp-content\/uploads\/sites\/3\/2025\/11\/Zastita-zraka2025-7-768x1024.jpg 768w, https:\/\/projekti.imi.hr\/environpolluthealth\/wp-content\/uploads\/sites\/3\/2025\/11\/Zastita-zraka2025-7-225x300.jpg 225w, https:\/\/projekti.imi.hr\/environpolluthealth\/wp-content\/uploads\/sites\/3\/2025\/11\/Zastita-zraka2025-7-1152x1536.jpg 1152w, https:\/\/projekti.imi.hr\/environpolluthealth\/wp-content\/uploads\/sites\/3\/2025\/11\/Zastita-zraka2025-7.jpg 1386w\" sizes=\"(max-width: 768px) 100vw, 768px\" \/><\/figure>\n<\/figure>\n\n\n\n<div class=\"wp-block-group is-nowrap is-layout-flex wp-container-core-group-is-layout-ad2f72ca wp-block-group-is-layout-flex\">\n<figure class=\"wp-block-image size-full\"><img decoding=\"async\" width=\"1024\" height=\"768\" src=\"https:\/\/projekti.imi.hr\/environpolluthealth\/wp-content\/uploads\/sites\/3\/2025\/11\/Zastita-zraka2025_2-7.jpg\" alt=\"\" class=\"wp-image-1366\" srcset=\"https:\/\/projekti.imi.hr\/environpolluthealth\/wp-content\/uploads\/sites\/3\/2025\/11\/Zastita-zraka2025_2-7.jpg 1024w, https:\/\/projekti.imi.hr\/environpolluthealth\/wp-content\/uploads\/sites\/3\/2025\/11\/Zastita-zraka2025_2-7-300x225.jpg 300w, https:\/\/projekti.imi.hr\/environpolluthealth\/wp-content\/uploads\/sites\/3\/2025\/11\/Zastita-zraka2025_2-7-768x576.jpg 768w\" sizes=\"(max-width: 1024px) 100vw, 1024px\" \/><\/figure>\n<\/div>\n<\/div>\n<\/div><\/div>\n\n\n\n<p><\/p>\n","protected":false},"excerpt":{"rendered":"<p>Od 21. do 25. listopada 2025. u Zadru je odr\u017eana me\u0111unarodna konferencija i \u010detrnaesti hrvatski znanstveno-stru\u010dni skup ZA\u0160TITA ZRAKA 2025, u organizaciji Hrvatskog udru\u017eenja za za\u0161titu zraka (HUZZ). Skup je odr\u017ean u suorganizatorstvu s Institutom za medicinska istra\u017eivanja i medicinu rada, Dr\u017eavnim hidrometeorolo\u0161kim zavodom, European Federation of Clean Air and Environmental Protection Associations (EFCA) te &hellip;<br \/><a href=\"https:\/\/projekti.imi.hr\/environpolluthealth\/?p=1350\" class=\"more-link pen_button pen_element_default pen_icon_arrow_double\">Continue reading <span class=\"screen-reader-text\">Me\u0111unarodna konferencija i 14. hrvatski znanstveno-stru\u010dni skup ZA\u0160TITA ZRAKA 2025<\/span><\/a><\/p>\n","protected":false},"author":9,"featured_media":0,"comment_status":"closed","ping_status":"open","sticky":false,"template":"","format":"standard","meta":{"footnotes":""},"categories":[54],"tags":[],"class_list":["post-1350","post","type-post","status-publish","format-standard","hentry","category-skupovi"],"_links":{"self":[{"href":"https:\/\/projekti.imi.hr\/environpolluthealth\/index.php?rest_route=\/wp\/v2\/posts\/1350","targetHints":{"allow":["GET"]}}],"collection":[{"href":"https:\/\/projekti.imi.hr\/environpolluthealth\/index.php?rest_route=\/wp\/v2\/posts"}],"about":[{"href":"https:\/\/projekti.imi.hr\/environpolluthealth\/index.php?rest_route=\/wp\/v2\/types\/post"}],"author":[{"embeddable":true,"href":"https:\/\/projekti.imi.hr\/environpolluthealth\/index.php?rest_route=\/wp\/v2\/users\/9"}],"replies":[{"embeddable":true,"href":"https:\/\/projekti.imi.hr\/environpolluthealth\/index.php?rest_route=%2Fwp%2Fv2%2Fcomments&post=1350"}],"version-history":[{"count":4,"href":"https:\/\/projekti.imi.hr\/environpolluthealth\/index.php?rest_route=\/wp\/v2\/posts\/1350\/revisions"}],"predecessor-version":[{"id":1378,"href":"https:\/\/projekti.imi.hr\/environpolluthealth\/index.php?rest_route=\/wp\/v2\/posts\/1350\/revisions\/1378"}],"wp:attachment":[{"href":"https:\/\/projekti.imi.hr\/environpolluthealth\/index.php?rest_route=%2Fwp%2Fv2%2Fmedia&parent=1350"}],"wp:term":[{"taxonomy":"category","embeddable":true,"href":"https:\/\/projekti.imi.hr\/environpolluthealth\/index.php?rest_route=%2Fwp%2Fv2%2Fcategories&post=1350"},{"taxonomy":"post_tag","embeddable":true,"href":"https:\/\/projekti.imi.hr\/environpolluthealth\/index.php?rest_route=%2Fwp%2Fv2%2Ftags&post=1350"}],"curies":[{"name":"wp","href":"https:\/\/api.w.org\/{rel}","templated":true}]}}