{"id":1347,"date":"2025-11-25T09:00:08","date_gmt":"2025-11-25T09:00:08","guid":{"rendered":"https:\/\/projekti.imi.hr\/environpolluthealth\/?p=1347"},"modified":"2025-11-25T11:41:05","modified_gmt":"2025-11-25T11:41:05","slug":"4th-international-and-16th-national-congress-of-the-serbian-society-of-soil-science-the-soil-re-union-science-for-healthy-soils","status":"publish","type":"post","link":"https:\/\/projekti.imi.hr\/environpolluthealth\/?p=1347","title":{"rendered":"4th International and 16th National Congress of the Serbian Society of Soil Science &#8220;The Soil Re-Union: Science for Healthy Soils&#8221;"},"content":{"rendered":"\n<p>Na me\u0111unarodnom skupu&nbsp;4th International and 16th National Congress of the Serbian Society of Soil Science &#8220;The Soil Re-Union: Science for Healthy Soils&#8221;, 20-23 October 2025 (<a href=\"https:\/\/sdpz.rs\/congress\/congress-overview\/\" target=\"_blank\" rel=\"noreferrer noopener\">https:\/\/sdpz.rs\/congress\/congress-overview\/<\/a>), Fru\u0161ke terme, Vrdnik, Serbia, dr.sc. Tijana Mili\u0107evi\u0107 prezentirala je kratku usmenu prezentaciju rada:<\/p>\n\n\n\n<ol class=\"wp-block-list\">\n<li>Poster-kratka usmena forma od 3 min<strong>: <\/strong><br><strong>Mili\u0107evi\u0107, T<\/strong>., Miti\u0107, J., Menda\u0161, G., Jakovljevi\u0107, I., Herceg Romani\u0107, S. (2025). <em>Organochlorine pesticides in soil from agricultural areas in Serbia \u2013 Human health risk assessment<\/em><\/li>\n<\/ol>\n\n\n\n<figure class=\"wp-block-image size-large is-resized\"><img fetchpriority=\"high\" decoding=\"async\" width=\"461\" height=\"1024\" src=\"https:\/\/projekti.imi.hr\/environpolluthealth\/wp-content\/uploads\/sites\/3\/2025\/11\/16th-SOIL-SCIENCE-461x1024.jpg\" alt=\"\" class=\"wp-image-1348\" style=\"width:252px;height:auto\" srcset=\"https:\/\/projekti.imi.hr\/environpolluthealth\/wp-content\/uploads\/sites\/3\/2025\/11\/16th-SOIL-SCIENCE-461x1024.jpg 461w, https:\/\/projekti.imi.hr\/environpolluthealth\/wp-content\/uploads\/sites\/3\/2025\/11\/16th-SOIL-SCIENCE-135x300.jpg 135w, https:\/\/projekti.imi.hr\/environpolluthealth\/wp-content\/uploads\/sites\/3\/2025\/11\/16th-SOIL-SCIENCE-691x1536.jpg 691w, https:\/\/projekti.imi.hr\/environpolluthealth\/wp-content\/uploads\/sites\/3\/2025\/11\/16th-SOIL-SCIENCE.jpg 720w\" sizes=\"(max-width: 461px) 100vw, 461px\" \/><\/figure>\n\n\n\n<p><\/p>\n","protected":false},"excerpt":{"rendered":"<p>Na me\u0111unarodnom skupu&nbsp;4th International and 16th National Congress of the Serbian Society of Soil Science &#8220;The Soil Re-Union: Science for Healthy Soils&#8221;, 20-23 October 2025 (https:\/\/sdpz.rs\/congress\/congress-overview\/), Fru\u0161ke terme, Vrdnik, Serbia, dr.sc. Tijana Mili\u0107evi\u0107 prezentirala je kratku usmenu prezentaciju rada:<\/p>\n","protected":false},"author":9,"featured_media":0,"comment_status":"closed","ping_status":"open","sticky":false,"template":"","format":"standard","meta":{"footnotes":""},"categories":[54],"tags":[],"class_list":["post-1347","post","type-post","status-publish","format-standard","hentry","category-skupovi"],"_links":{"self":[{"href":"https:\/\/projekti.imi.hr\/environpolluthealth\/index.php?rest_route=\/wp\/v2\/posts\/1347","targetHints":{"allow":["GET"]}}],"collection":[{"href":"https:\/\/projekti.imi.hr\/environpolluthealth\/index.php?rest_route=\/wp\/v2\/posts"}],"about":[{"href":"https:\/\/projekti.imi.hr\/environpolluthealth\/index.php?rest_route=\/wp\/v2\/types\/post"}],"author":[{"embeddable":true,"href":"https:\/\/projekti.imi.hr\/environpolluthealth\/index.php?rest_route=\/wp\/v2\/users\/9"}],"replies":[{"embeddable":true,"href":"https:\/\/projekti.imi.hr\/environpolluthealth\/index.php?rest_route=%2Fwp%2Fv2%2Fcomments&post=1347"}],"version-history":[{"count":4,"href":"https:\/\/projekti.imi.hr\/environpolluthealth\/index.php?rest_route=\/wp\/v2\/posts\/1347\/revisions"}],"predecessor-version":[{"id":1415,"href":"https:\/\/projekti.imi.hr\/environpolluthealth\/index.php?rest_route=\/wp\/v2\/posts\/1347\/revisions\/1415"}],"wp:attachment":[{"href":"https:\/\/projekti.imi.hr\/environpolluthealth\/index.php?rest_route=%2Fwp%2Fv2%2Fmedia&parent=1347"}],"wp:term":[{"taxonomy":"category","embeddable":true,"href":"https:\/\/projekti.imi.hr\/environpolluthealth\/index.php?rest_route=%2Fwp%2Fv2%2Fcategories&post=1347"},{"taxonomy":"post_tag","embeddable":true,"href":"https:\/\/projekti.imi.hr\/environpolluthealth\/index.php?rest_route=%2Fwp%2Fv2%2Ftags&post=1347"}],"curies":[{"name":"wp","href":"https:\/\/api.w.org\/{rel}","templated":true}]}}